{"id":441,"date":"2025-08-23T10:58:27","date_gmt":"2025-08-23T08:58:27","guid":{"rendered":"https:\/\/na-spektru.matyasp.eu\/?p=441"},"modified":"2025-08-23T10:58:29","modified_gmt":"2025-08-23T08:58:29","slug":"j3-prezentace-a-zvukovy-zaznam-z-besedy-v-policce-dne-24-zari-2024","status":"publish","type":"post","link":"https:\/\/na-spektru.matyasp.eu\/index.php\/2025\/08\/23\/j3-prezentace-a-zvukovy-zaznam-z-besedy-v-policce-dne-24-zari-2024\/","title":{"rendered":"J3 &#8211; Prezentace a zvukov\u00fd z\u00e1znam z besedy v Poli\u010dce dne 24. z\u00e1\u0159\u00ed 2024"},"content":{"rendered":"\n<p>Materi\u00e1ly, vytvo\u0159en\u00e9 k besed\u011b v Poli\u010dce, kde jsem byl hostem &#8211; spole\u010dn\u011b s \u0160imonem Plech\u00e1\u010dkem z NAUTIS &#8211; 24. z\u00e1\u0159\u00ed 2024, jsou na p\u0159\u00edslu\u0161n\u00e9 str\u00e1nce m\u00e9ho osobn\u00edho webu, nebo\u0165 tou dobou nefungovala administrace tohoto webu.<\/p>\n\n\n\n<p>Doporu\u010duji si pustit zejm\u00e9na 3. nahr\u00e1vku od \u010dasu 4:15, tam je nejv\u011bt\u0161\u00ed p\u0159\u00ednos nad r\u00e1mec dosavadn\u00edho obsahu webu Na spektru.<\/p>\n\n\n\n<figure class=\"wp-block-embed is-type-wp-embed is-provider-matyho-web wp-block-embed-matyho-web\"><div class=\"wp-block-embed__wrapper\">\n<blockquote class=\"wp-embedded-content\" data-secret=\"HUn4iAmhYP\"><a href=\"https:\/\/matyasp.eu\/polickauti\/\">Poli\u010dkauti<\/a><\/blockquote><iframe class=\"wp-embedded-content\" sandbox=\"allow-scripts\" security=\"restricted\" style=\"position: absolute; clip: rect(1px, 1px, 1px, 1px);\" title=\"&#8222;Poli\u010dkauti&#8220; &#8212; Matyho web\" src=\"https:\/\/matyasp.eu\/polickauti\/embed\/#?secret=g4wRwNdoWv#?secret=HUn4iAmhYP\" data-secret=\"HUn4iAmhYP\" width=\"600\" height=\"338\" frameborder=\"0\" marginwidth=\"0\" marginheight=\"0\" scrolling=\"no\"><\/iframe>\n<\/div><\/figure>\n\n\n\n<p>Odkaz: <a href=\"https:\/\/matyasp.eu\/polickauti\/\">https:\/\/matyasp.eu\/polickauti\/<\/a><\/p>\n","protected":false},"excerpt":{"rendered":"<p>Materi\u00e1ly, vytvo\u0159en\u00e9 k besed\u011b v Poli\u010dce, kde jsem byl hostem &#8211; spole\u010dn\u011b s \u0160imonem Plech\u00e1\u010dkem z NAUTIS &#8211; 24. z\u00e1\u0159\u00ed 2024, jsou na p\u0159\u00edslu\u0161n\u00e9 str\u00e1nce m\u00e9ho osobn\u00edho webu, nebo\u0165 tou dobou nefungovala administrace tohoto webu. Doporu\u010duji si pustit zejm\u00e9na 3. nahr\u00e1vku od \u010dasu 4:15, tam je nejv\u011bt\u0161\u00ed p\u0159\u00ednos nad r\u00e1mec dosavadn\u00edho obsahu webu Na spektru. Odkaz: https:\/\/matyasp.eu\/polickauti\/<\/p>\n","protected":false},"author":1,"featured_media":0,"comment_status":"open","ping_status":"open","sticky":false,"template":"","format":"standard","meta":{"zakra_page_container_layout":"customizer","zakra_page_sidebar_layout":"customizer","zakra_remove_content_margin":false,"zakra_sidebar":"customizer","zakra_transparent_header":"customizer","zakra_logo":0,"zakra_main_header_style":"default","zakra_menu_item_color":"","zakra_menu_item_hover_color":"","zakra_menu_item_active_color":"","zakra_menu_active_style":"","zakra_page_header":true,"_bbp_topic_count":0,"_bbp_reply_count":0,"_bbp_total_topic_count":0,"_bbp_total_reply_count":0,"_bbp_voice_count":0,"_bbp_anonymous_reply_count":0,"_bbp_topic_count_hidden":0,"_bbp_reply_count_hidden":0,"_bbp_forum_subforum_count":0,"_uag_custom_page_level_css":""},"categories":[1],"tags":[],"aioseo_notices":[],"jetpack_featured_media_url":"","uagb_featured_image_src":{"full":false,"thumbnail":false,"medium":false,"medium_large":false,"large":false,"1536x1536":false,"2048x2048":false,"qi_addons_for_elementor_image_size_square":false,"qi_addons_for_elementor_image_size_landscape":false,"qi_addons_for_elementor_image_size_portrait":false,"qi_addons_for_elementor_image_size_huge-square":false},"uagb_author_info":{"display_name":"MatyasP - Maty\u00e1\u0161 Pilz","author_link":"https:\/\/na-spektru.matyasp.eu\/index.php\/author\/matys-pilz\/"},"uagb_comment_info":3,"uagb_excerpt":"Materi\u00e1ly, vytvo\u0159en\u00e9 k besed\u011b v Poli\u010dce, kde jsem byl hostem &#8211; spole\u010dn\u011b s \u0160imonem Plech\u00e1\u010dkem z NAUTIS &#8211; 24. z\u00e1\u0159\u00ed 2024, jsou na p\u0159\u00edslu\u0161n\u00e9 str\u00e1nce m\u00e9ho osobn\u00edho webu, nebo\u0165 tou dobou nefungovala administrace tohoto webu. Doporu\u010duji si pustit zejm\u00e9na 3. nahr\u00e1vku od \u010dasu 4:15, tam je nejv\u011bt\u0161\u00ed p\u0159\u00ednos nad r\u00e1mec dosavadn\u00edho obsahu webu Na spektru.&hellip;","_links":{"self":[{"href":"https:\/\/na-spektru.matyasp.eu\/index.php\/wp-json\/wp\/v2\/posts\/441"}],"collection":[{"href":"https:\/\/na-spektru.matyasp.eu\/index.php\/wp-json\/wp\/v2\/posts"}],"about":[{"href":"https:\/\/na-spektru.matyasp.eu\/index.php\/wp-json\/wp\/v2\/types\/post"}],"author":[{"embeddable":true,"href":"https:\/\/na-spektru.matyasp.eu\/index.php\/wp-json\/wp\/v2\/users\/1"}],"replies":[{"embeddable":true,"href":"https:\/\/na-spektru.matyasp.eu\/index.php\/wp-json\/wp\/v2\/comments?post=441"}],"version-history":[{"count":1,"href":"https:\/\/na-spektru.matyasp.eu\/index.php\/wp-json\/wp\/v2\/posts\/441\/revisions"}],"predecessor-version":[{"id":442,"href":"https:\/\/na-spektru.matyasp.eu\/index.php\/wp-json\/wp\/v2\/posts\/441\/revisions\/442"}],"wp:attachment":[{"href":"https:\/\/na-spektru.matyasp.eu\/index.php\/wp-json\/wp\/v2\/media?parent=441"}],"wp:term":[{"taxonomy":"category","embeddable":true,"href":"https:\/\/na-spektru.matyasp.eu\/index.php\/wp-json\/wp\/v2\/categories?post=441"},{"taxonomy":"post_tag","embeddable":true,"href":"https:\/\/na-spektru.matyasp.eu\/index.php\/wp-json\/wp\/v2\/tags?post=441"}],"curies":[{"name":"wp","href":"https:\/\/api.w.org\/{rel}","templated":true}]}}