{"id":168,"date":"2022-12-31T16:09:22","date_gmt":"2022-12-31T15:09:22","guid":{"rendered":"https:\/\/na-spektru.matyasp.eu\/?p=168"},"modified":"2022-12-31T16:09:23","modified_gmt":"2022-12-31T15:09:23","slug":"4-c1-ruznovekkost-mozku","status":"publish","type":"post","link":"https:\/\/na-spektru.matyasp.eu\/index.php\/2022\/12\/31\/4-c1-ruznovekkost-mozku\/","title":{"rendered":"4. \/ C1 &#8211; R\u016fznov\u011bkkost mozku"},"content":{"rendered":"\n<p><em>Tento \u010dl\u00e1nek vych\u00e1z\u00ed tak\u0159ka v\u00fdhradn\u011b z dlouhodob\u00e9ho vn\u00edm\u00e1n\u00ed, pozorov\u00e1n\u00ed a anal\u00fdz autora webu. Nen\u00ed-li uvedeno jinak, informace v n\u011bm uveden\u00e9 <strong>nejsou v\u011bdecky ov\u011b\u0159en\u00e9<\/strong> nebo si autor nen\u00ed v\u011bdom jejich dosavadn\u00edho v\u011bdeck\u00e9ho ov\u011b\u0159en\u00ed. Nejsou zde v\u0161ak u\u017eity dezinformace a teorie vych\u00e1zej\u00edc\u00ed z jednoduch\u00fdch novodob\u00fdch pseudov\u011bdeck\u00fdch discipl\u00edn alternativn\u00ed medic\u00edny apod.<\/em><\/p>\n\n\n\n<p>     <em>D\u00e1le je vhodn\u00e9 upozornit, \u017ee \u010dl\u00e1nek je vysv\u011btlov\u00e1n matematicky, nemus\u00ed b\u00fdt tud\u00ed\u017e dob\u0159e pochopiteln\u00fd pro osoby s men\u0161\u00edmi matematick\u00fdmi \u010di p\u0159edstavivostn\u00edmi dovednostmi. Autor proto \u017e\u00e1d\u00e1 o sd\u011blen\u00ed, co konkr\u00e9tn\u011b je v \u010dl\u00e1nku m\u00e9n\u011b pochopiteln\u00e9, a o\u010dek\u00e1v\u00e1, \u017ee \u010dl\u00e1nek bude opakovan\u011b dopl\u0148ovat r\u016fzn\u00fdmi vysv\u011btlen\u00edmi problematiky pro jej\u00ed lep\u0161\u00ed srozumitelnost.  <\/em><\/p>\n\n\n<style>.wp-block-kadence-spacer.kt-block-spacer-_84fca0-a8 .kt-block-spacer{height:60px;}.wp-block-kadence-spacer.kt-block-spacer-_84fca0-a8 .kt-divider{border-top-width:1px;height:1px;border-top-color:#eee;width:80%;border-top-style:solid;}<\/style>\n<div class=\"wp-block-kadence-spacer aligncenter kt-block-spacer-_84fca0-a8\"><div class=\"kt-block-spacer kt-block-spacer-halign-center\"><hr class=\"kt-divider\"\/><\/div><\/div>\n\n\n\n<p class=\"has-medium-font-size\">Co je r\u016fznov\u011bkkost?<\/p>\n\n\n\n<p>Ur\u010ditou m\u00edru r\u016fznov\u011bkkosti m\u00e1me ka\u017ed\u00fd, ale co vystihuje asi nejl\u00e9pe odli\u0161nost chov\u00e1n\u00ed osob na autistick\u00e9m spektru, a to i cel\u00e9 autistick\u00e9 spektrum &#8211; spojit\u00e9 spektrum, kde osoby neautistick\u00e9 maj\u00ed velmi n\u00edzk\u00e9 hodnoty &#8222;autisti\u010dnosti&#8220; na n\u00e1sledn\u00fdch testech, je velk\u00fd pod\u00edl r\u016fznov\u011bkkost.<\/p>\n\n\n\n<p><br><em>Na tomto webu, stejn\u011b jako ve v\u011bt\u0161in\u011b komunit, se pod pojmem &#8222;osoba na autistick\u00e9m spektru&#8220; ozna\u010duj\u00ed osoby, jejich\u017e vn\u00edm\u00e1n\u00ed, c\u00edt\u011bn\u00ed a uva\u017eov\u00e1n\u00ed v\u00fdznamn\u011b odpov\u00edd\u00e1 n\u011bkter\u00e9 z jinakost\u00ed autistick\u00e9ho spektra, bez ohledu na konkr\u00e9tn\u00ed diagn\u00f3zu, a bez ohledu na provedenou \u010di dosud neprovedenou diagnostiku. D\u016fvody tkv\u00ed v c\u00edt\u011bn\u00ed a spole\u010densk\u00e9m pojet\u00ed v\u00fdznam\u016f pojm\u016f &#8222;porucha&#8220;, &#8222;nemoc&#8220; a &#8222;choroba&#8220;, \u010di historick\u00e9 kontroverzi osob, podle nich\u017e jsou tyto jinakosti pojmenov\u00e1ny.<\/em> <br><\/p>\n\n\n\n<p>Co to je ta r\u016fznov\u011bkkost? Jde o rozlo\u017een\u00ed vn\u00edm\u00e1n\u00ed, c\u00edt\u011bn\u00ed, pro\u017e\u00edv\u00e1n\u00ed, uva\u017eov\u00e1n\u00ed a my\u0161len\u00ed (a z toho plynouc\u00edho d\u016fsledku &#8211;  chov\u00e1n\u00ed) v\u016f\u010di aktu\u00e1ln\u00edmu v\u011bku. Nejl\u00e9pe ji vyj\u00e1d\u0159\u00edme n\u00e1sledovn\u011b:<\/p>\n\n\n\n<p>Prostor:<br>x \u2208\u3008-1; \u221e), y \u2208\u30080; 1\u3009<br>kde <em>x<\/em> je v\u011bk v letech a <em>y<\/em> je m\u00edra v\u00fdskytu<br>Pro funkci plat\u00ed:<br>\u222bf(x) dx [-1; \u221e] = 1<br>f je spojit\u00e1 v cel\u00e9m D(f)<br>f m\u00e1 spojit\u00e9 v\u0161echny derivace v cel\u00e9m D(f)<br>D(f) = [-1; n]<br>f(n) = 0      #jde o jedin\u00fd bod, v n\u011bm\u017e plat\u00ed y=0<br>n \u2208\u3008s; \u221e)<br>kde n je &#8222;mez dosahu&#8220; &#8211; v\u011bk, za kter\u00fdm se vn\u00edm\u00e1n\u00ed, c\u00edt\u011bn\u00ed apod. dan\u00e9ho \u010dlov\u011bka nevyskytuje<br>s = sou\u010dasn\u00fd v\u011bk \u010dlov\u011bka.<br><\/p>\n\n\n\n<p class=\"has-medium-font-size\">Pro\u010d je u osob na spektru tak v\u00fdznamn\u00e1?<\/p>\n\n\n\n<p>D\u016fvod tkv\u00ed v rozlo\u017een\u00ed uva\u017eovac\u00edho v\u011bku podle na v\u011bkov\u00e9 ose. U osob star\u0161\u00edch p\u0159ibli\u017en\u011b 1 m\u011bs\u00edce \u010di 1 roku (problematice kojenc\u016f autor \u010dl\u00e1nku nikterak nerozum\u00ed) se u v\u011bt\u0161inov\u00e9 (neurotypick\u00e9) spole\u010dnosti vyskytuje velmi v\u00fdznamn\u00fd pod\u00edl aktu\u00e1ln\u00edho v\u011bku, kter\u00fd je nav\u00edc jedinou v\u00fdznamnou skupinou (je tam jedin\u00fd extr\u00e9m funkce) &#8211; by\u0165 se m\u016f\u017ee vyskytovat m\u00edrn\u00e9 zpo\u017ed\u011bn\u00ed \u010di n\u00e1skok v \u0159\u00e1du nanejv\u00fd\u0161e m\u011bs\u00edc\u016f (uvedena hodnota u osob star\u0161\u00edch zhruba 7 let, s p\u0159ib\u00fdvaj\u00edc\u00edm v\u011bkem se odchylka zv\u011bt\u0161uje). Oproti tomu u osob na autistick\u00e9m spektru je v\u00fdrazn\u011bj\u0161\u00ed pod\u00edl i ni\u017e\u0161\u00edho v\u011bku &#8211; rozlo\u017een\u00ed uva\u017eovac\u00edho v\u011bku je tud\u00ed\u017e rovnom\u011brn\u011bj\u0161\u00ed \u010di rozvoln\u011bn\u011bj\u0161\u00ed, \u010dasto se objevuje v\u00edce extr\u00e9m\u016f. U osob s ment\u00e1ln\u00ed retardac\u00ed je celkov\u011b v\u00fdrazn\u011b posunut jedin\u00fd (\u010di hlavn\u00ed vrch) do hodnot v\u00fdrazn\u011b ni\u017e\u0161\u00edch, ne\u017e jejich sou\u010dasn\u00fd v\u011bk. Naopak u osob nadan\u00fdch b\u00fdv\u00e1 posunut v\u00fdrazn\u011b dop\u0159edu. Nedovol\u00edm si posuzovat, zda u osob s ADHD je ur\u010dit\u00fd posun tohoto vrcholu, a\u010dkoliv jej neo\u010dek\u00e1v\u00e1m. V p\u0159\u00edpad\u011b samotn\u00e9 schizofrenie a j\u00ed podobn\u00fdch poruch, nemoc\u00ed \u010di jinakost\u00ed neo\u010dek\u00e1v\u00e1m vliv na rozlo\u017een\u00ed uva\u017eovac\u00edho v\u011bku.<\/p>\n\n\n\n<p class=\"has-medium-font-size\"><br>Jak se r\u016fznov\u011bkkost projevuje?<\/p>\n\n\n\n<p>R\u016fznorodost\u00ed ve v\u011bku, pro kter\u00fd je relativn\u011b typick\u00e9 ur\u010dit\u00e9 vn\u00edm\u00e1n\u00ed, uva\u017eov\u00e1n\u00ed a chov\u00e1n\u00ed, a to jak r\u016fznorodost\u00ed v \u010dasov\u00e9m horizontu, tak r\u016fznorodost\u00ed v ur\u010ditou chv\u00edli. V z\u00e1vislosti na schopnostech a dovednostech osoby se omezen\u00e9 m\u00ed\u0159e d\u00e1 zm\u00edrnit projev ur\u010dit\u00fdch v\u011bkov\u00fdch rozsah\u016f v ur\u010ditou chv\u00edli, ale s nutnost\u00ed p\u0159edchoz\u00ed \u010di pozd\u011bj\u0161\u00ed kompenzace.<\/p>\n\n\n\n<p>Jej\u00edm v\u00fdrazn\u011b v\u00fdznamn\u011bj\u0161\u00edm projevem u osob na autistick\u00e9m spektru lze zd\u016fvodnit, pro\u010d je u v\u011bt\u0161\u00edho mno\u017estv\u00ed \u00fasp\u011b\u0161n\u00fdch podnikatel\u016f a zejm\u00e9na u v\u011bdc\u016f a vyn\u00e1lezc\u016f \u010dast\u011bj\u0161\u00ed v\u00fdskyt jinakost\u00ed autistick\u00e9ho spektra, a pro\u010d je u nich \u010dasto i p\u0159es \u010dasto velmi v\u00fdznamn\u00fd logick\u00fd a matematick\u00fd intelekt nepochopen\u00ed v\u016f\u010di vrstevn\u00edk\u016fm. Stejn\u011b tak t\u00edm lze zd\u016fvodnit rozd\u00edl mezi osobami nadan\u00fdmi \u010di osobami s ment\u00e1ln\u00ed retardac\u00ed mimo autistick\u00e9 spektrum na stran\u011b jedn\u00e9, a osobami na autistick\u00e9m spektru na stran\u011b druh\u00e9.<\/p>\n\n\n\n<p class=\"has-medium-font-size\"><br>Grafy<\/p>\n\n\n<style>.wp-block-kadence-advancedgallery .kb-gallery-type-masonry.kb-gallery-id-_eb1e73-4a{margin:-5px;}.kb-gallery-type-masonry.kb-gallery-id-_eb1e73-4a .kadence-blocks-gallery-item{padding:5px;}.kb-gallery-id-_eb1e73-4a .kadence-blocks-gallery-item .kb-gal-image-radius{border-radius:0px 0px 0px 0px;}<\/style>\n<div class=\"wp-block-kadence-advancedgallery kb-gallery-wrap-id-_eb1e73-4a\"><ul class=\"kb-gallery-ul kb-gallery-type-masonry kb-masonry-init kb-gallery-id-_eb1e73-4a kb-gallery-caption-style-bottom-hover kb-gallery-filter-none\" data-item-selector=\".kadence-blocks-gallery-item\" data-image-filter=\"none\" data-lightbox-caption=\"true\" data-columns-xxl=\"2\" data-columns-xl=\"2\" data-columns-lg=\"2\" data-columns-md=\"2\" data-columns-sm=\"1\" data-columns-xs=\"1\"><li class=\"kadence-blocks-gallery-item\"><div class=\"kadence-blocks-gallery-item-inner\"><figure class=\"kb-gallery-figure kadence-blocks-gallery-item-hide-caption\"><div class=\"kb-gal-image-radius\" style=\"max-width:800px\"><div class=\"kb-gallery-image-contain kadence-blocks-gallery-intrinsic\" style=\"padding-bottom:36.5%\"><img decoding=\"async\" loading=\"lazy\" src=\"https:\/\/na-spektru.matyasp.eu\/wp-content\/uploads\/2022\/12\/obrazek-1.png\" width=\"800\" height=\"292\" alt=\"\" data-full-image=\"https:\/\/na-spektru.matyasp.eu\/wp-content\/uploads\/2022\/12\/obrazek-1.png\" data-light-image=\"https:\/\/na-spektru.matyasp.eu\/wp-content\/uploads\/2022\/12\/obrazek-1.png\" data-id=\"176\" data-link=\"https:\/\/na-spektru.matyasp.eu\/?attachment_id=176\" data-custom-link=\"\" data-custom-link-target=\"\" data-sponsored=\"\" class=\"wp-image-176\" srcset=\"https:\/\/na-spektru.matyasp.eu\/wp-content\/uploads\/2022\/12\/obrazek-1.png 800w, https:\/\/na-spektru.matyasp.eu\/wp-content\/uploads\/2022\/12\/obrazek-1-300x110.png 300w, https:\/\/na-spektru.matyasp.eu\/wp-content\/uploads\/2022\/12\/obrazek-1-768x280.png 768w\" sizes=\"(max-width: 800px) 100vw, 800px\" \/><\/div><div class=\"kadence-blocks-gallery-item__caption\">Podklad<\/div><\/div><\/figure><\/div><\/li><li class=\"kadence-blocks-gallery-item\"><div class=\"kadence-blocks-gallery-item-inner\"><figure class=\"kb-gallery-figure kadence-blocks-gallery-item-hide-caption\"><div class=\"kb-gal-image-radius\" style=\"max-width:800px\"><div class=\"kb-gallery-image-contain kadence-blocks-gallery-intrinsic\" style=\"padding-bottom:36.5%\"><img decoding=\"async\" loading=\"lazy\" src=\"https:\/\/na-spektru.matyasp.eu\/wp-content\/uploads\/2022\/12\/obrazek-2.png\" width=\"800\" height=\"292\" alt=\"\" data-full-image=\"https:\/\/na-spektru.matyasp.eu\/wp-content\/uploads\/2022\/12\/obrazek-2.png\" data-light-image=\"https:\/\/na-spektru.matyasp.eu\/wp-content\/uploads\/2022\/12\/obrazek-2.png\" data-id=\"177\" data-link=\"https:\/\/na-spektru.matyasp.eu\/?attachment_id=177\" data-custom-link=\"\" data-custom-link-target=\"\" data-sponsored=\"\" class=\"wp-image-177\" srcset=\"https:\/\/na-spektru.matyasp.eu\/wp-content\/uploads\/2022\/12\/obrazek-2.png 800w, https:\/\/na-spektru.matyasp.eu\/wp-content\/uploads\/2022\/12\/obrazek-2-300x110.png 300w, https:\/\/na-spektru.matyasp.eu\/wp-content\/uploads\/2022\/12\/obrazek-2-768x280.png 768w\" sizes=\"(max-width: 800px) 100vw, 800px\" \/><\/div><div class=\"kadence-blocks-gallery-item__caption\">Prvn\u00ed n\u00e1zorn\u00fd p\u0159\u00edklad pro (nekonkr\u00e9tn\u00ed) NT osobu ve v\u011bku 14 let<\/div><\/div><\/figure><\/div><\/li><li class=\"kadence-blocks-gallery-item\"><div class=\"kadence-blocks-gallery-item-inner\"><figure class=\"kb-gallery-figure kadence-blocks-gallery-item-hide-caption\"><div class=\"kb-gal-image-radius\" style=\"max-width:800px\"><div class=\"kb-gallery-image-contain kadence-blocks-gallery-intrinsic\" style=\"padding-bottom:36.5%\"><img decoding=\"async\" loading=\"lazy\" src=\"https:\/\/na-spektru.matyasp.eu\/wp-content\/uploads\/2022\/12\/obrazek-3.png\" width=\"800\" height=\"292\" alt=\"\" data-full-image=\"https:\/\/na-spektru.matyasp.eu\/wp-content\/uploads\/2022\/12\/obrazek-3.png\" data-light-image=\"https:\/\/na-spektru.matyasp.eu\/wp-content\/uploads\/2022\/12\/obrazek-3.png\" data-id=\"179\" data-link=\"https:\/\/na-spektru.matyasp.eu\/?attachment_id=179\" data-custom-link=\"\" data-custom-link-target=\"\" data-sponsored=\"\" class=\"wp-image-179\" srcset=\"https:\/\/na-spektru.matyasp.eu\/wp-content\/uploads\/2022\/12\/obrazek-3.png 800w, https:\/\/na-spektru.matyasp.eu\/wp-content\/uploads\/2022\/12\/obrazek-3-300x110.png 300w, https:\/\/na-spektru.matyasp.eu\/wp-content\/uploads\/2022\/12\/obrazek-3-768x280.png 768w\" sizes=\"(max-width: 800px) 100vw, 800px\" \/><\/div><div class=\"kadence-blocks-gallery-item__caption\">Druh\u00fd n\u00e1zorn\u00fd p\u0159\u00edklad pro (nekonkr\u00e9tn\u00ed) NT osobu ve v\u011bku 14 let<\/div><\/div><\/figure><\/div><\/li><li class=\"kadence-blocks-gallery-item\"><div class=\"kadence-blocks-gallery-item-inner\"><figure class=\"kb-gallery-figure kadence-blocks-gallery-item-hide-caption\"><div class=\"kb-gal-image-radius\" style=\"max-width:800px\"><div class=\"kb-gallery-image-contain kadence-blocks-gallery-intrinsic\" style=\"padding-bottom:36.5%\"><img decoding=\"async\" loading=\"lazy\" src=\"https:\/\/na-spektru.matyasp.eu\/wp-content\/uploads\/2022\/12\/obrazek-4.png\" width=\"800\" height=\"292\" alt=\"\" data-full-image=\"https:\/\/na-spektru.matyasp.eu\/wp-content\/uploads\/2022\/12\/obrazek-4.png\" data-light-image=\"https:\/\/na-spektru.matyasp.eu\/wp-content\/uploads\/2022\/12\/obrazek-4.png\" data-id=\"180\" data-link=\"https:\/\/na-spektru.matyasp.eu\/?attachment_id=180\" data-custom-link=\"\" data-custom-link-target=\"\" data-sponsored=\"\" class=\"wp-image-180\" srcset=\"https:\/\/na-spektru.matyasp.eu\/wp-content\/uploads\/2022\/12\/obrazek-4.png 800w, https:\/\/na-spektru.matyasp.eu\/wp-content\/uploads\/2022\/12\/obrazek-4-300x110.png 300w, https:\/\/na-spektru.matyasp.eu\/wp-content\/uploads\/2022\/12\/obrazek-4-768x280.png 768w\" sizes=\"(max-width: 800px) 100vw, 800px\" \/><\/div><\/div><\/figure><\/div><\/li><\/ul><\/div>\n\n\n\n<p>text<\/p>\n\n\n\n<p><\/p>\n","protected":false},"excerpt":{"rendered":"<p>Tento \u010dl\u00e1nek vych\u00e1z\u00ed tak\u0159ka v\u00fdhradn\u011b z dlouhodob\u00e9ho vn\u00edm\u00e1n\u00ed, pozorov\u00e1n\u00ed a anal\u00fdz autora webu. Nen\u00ed-li uvedeno jinak, informace v n\u011bm uveden\u00e9 nejsou v\u011bdecky ov\u011b\u0159en\u00e9 nebo si autor nen\u00ed v\u011bdom jejich dosavadn\u00edho v\u011bdeck\u00e9ho ov\u011b\u0159en\u00ed. Nejsou zde v\u0161ak u\u017eity dezinformace a teorie vych\u00e1zej\u00edc\u00ed z jednoduch\u00fdch novodob\u00fdch pseudov\u011bdeck\u00fdch discipl\u00edn alternativn\u00ed medic\u00edny apod. D\u00e1le je vhodn\u00e9 upozornit, \u017ee \u010dl\u00e1nek je vysv\u011btlov\u00e1n matematicky, nemus\u00ed b\u00fdt tud\u00ed\u017e dob\u0159e pochopiteln\u00fd pro osoby s men\u0161\u00edmi matematick\u00fdmi \u010di p\u0159edstavivostn\u00edmi dovednostmi. Autor proto \u017e\u00e1d\u00e1 o sd\u011blen\u00ed, co konkr\u00e9tn\u011b je v \u010dl\u00e1nku m\u00e9n\u011b pochopiteln\u00e9, a o\u010dek\u00e1v\u00e1, \u017ee \u010dl\u00e1nek bude opakovan\u011b dopl\u0148ovat r\u016fzn\u00fdmi vysv\u011btlen\u00edmi problematiky pro jej\u00ed lep\u0161\u00ed srozumitelnost. Co je r\u016fznov\u011bkkost? Ur\u010ditou m\u00edru r\u016fznov\u011bkkosti m\u00e1me ka\u017ed\u00fd, ale co vystihuje asi nejl\u00e9pe odli\u0161nost chov\u00e1n\u00ed osob na autistick\u00e9m spektru, a to i cel\u00e9 autistick\u00e9 spektrum &#8211; spojit\u00e9 spektrum, kde osoby neautistick\u00e9 maj\u00ed velmi n\u00edzk\u00e9 hodnoty &#8222;autisti\u010dnosti&#8220; na n\u00e1sledn\u00fdch testech, je velk\u00fd pod\u00edl r\u016fznov\u011bkkost. Na tomto webu, stejn\u011b jako ve v\u011bt\u0161in\u011b komunit, se pod pojmem &#8222;osoba na autistick\u00e9m spektru&#8220; ozna\u010duj\u00ed osoby, jejich\u017e vn\u00edm\u00e1n\u00ed, c\u00edt\u011bn\u00ed a uva\u017eov\u00e1n\u00ed v\u00fdznamn\u011b odpov\u00edd\u00e1 n\u011bkter\u00e9 z jinakost\u00ed autistick\u00e9ho spektra, bez ohledu na konkr\u00e9tn\u00ed diagn\u00f3zu, a bez ohledu na provedenou \u010di dosud neprovedenou diagnostiku. D\u016fvody tkv\u00ed v c\u00edt\u011bn\u00ed a spole\u010densk\u00e9m pojet\u00ed v\u00fdznam\u016f pojm\u016f &#8222;porucha&#8220;, &#8222;nemoc&#8220; a &#8222;choroba&#8220;, \u010di historick\u00e9 kontroverzi osob, podle nich\u017e jsou tyto jinakosti pojmenov\u00e1ny. Co to je ta r\u016fznov\u011bkkost? Jde o rozlo\u017een\u00ed vn\u00edm\u00e1n\u00ed, c\u00edt\u011bn\u00ed, pro\u017e\u00edv\u00e1n\u00ed, uva\u017eov\u00e1n\u00ed a my\u0161len\u00ed (a z toho plynouc\u00edho d\u016fsledku &#8211; chov\u00e1n\u00ed) v\u016f\u010di aktu\u00e1ln\u00edmu v\u011bku. Nejl\u00e9pe ji vyj\u00e1d\u0159\u00edme n\u00e1sledovn\u011b: Prostor:x \u2208\u3008-1; \u221e), y \u2208\u30080; 1\u3009kde x je v\u011bk v letech a y je m\u00edra v\u00fdskytuPro funkci plat\u00ed:\u222bf(x) dx [-1; \u221e] = 1f je spojit\u00e1 v cel\u00e9m D(f)f m\u00e1 spojit\u00e9 v\u0161echny derivace v cel\u00e9m D(f)D(f) = [-1; n]f(n) = 0 #jde o jedin\u00fd bod, v n\u011bm\u017e plat\u00ed y=0n \u2208\u3008s; \u221e)kde n je &#8222;mez dosahu&#8220; &#8211; v\u011bk, za kter\u00fdm se vn\u00edm\u00e1n\u00ed, c\u00edt\u011bn\u00ed apod. dan\u00e9ho \u010dlov\u011bka nevyskytujes = sou\u010dasn\u00fd v\u011bk \u010dlov\u011bka. Pro\u010d je u osob na spektru tak v\u00fdznamn\u00e1? D\u016fvod tkv\u00ed v rozlo\u017een\u00ed uva\u017eovac\u00edho v\u011bku podle na v\u011bkov\u00e9 ose. U osob star\u0161\u00edch p\u0159ibli\u017en\u011b 1 m\u011bs\u00edce \u010di 1 roku (problematice kojenc\u016f autor \u010dl\u00e1nku nikterak nerozum\u00ed) se u v\u011bt\u0161inov\u00e9 (neurotypick\u00e9) spole\u010dnosti vyskytuje velmi v\u00fdznamn\u00fd pod\u00edl aktu\u00e1ln\u00edho v\u011bku, kter\u00fd je nav\u00edc jedinou v\u00fdznamnou skupinou (je tam jedin\u00fd extr\u00e9m funkce) &#8211; by\u0165 se m\u016f\u017ee vyskytovat m\u00edrn\u00e9 zpo\u017ed\u011bn\u00ed \u010di n\u00e1skok v \u0159\u00e1du nanejv\u00fd\u0161e m\u011bs\u00edc\u016f (uvedena hodnota u osob star\u0161\u00edch zhruba 7 let, s p\u0159ib\u00fdvaj\u00edc\u00edm v\u011bkem se odchylka zv\u011bt\u0161uje). Oproti tomu u osob na autistick\u00e9m spektru je v\u00fdrazn\u011bj\u0161\u00ed pod\u00edl i ni\u017e\u0161\u00edho v\u011bku &#8211; rozlo\u017een\u00ed uva\u017eovac\u00edho v\u011bku je tud\u00ed\u017e rovnom\u011brn\u011bj\u0161\u00ed \u010di rozvoln\u011bn\u011bj\u0161\u00ed, \u010dasto se objevuje v\u00edce extr\u00e9m\u016f. U osob s ment\u00e1ln\u00ed retardac\u00ed je celkov\u011b v\u00fdrazn\u011b posunut jedin\u00fd (\u010di hlavn\u00ed vrch) do hodnot v\u00fdrazn\u011b ni\u017e\u0161\u00edch, ne\u017e jejich sou\u010dasn\u00fd v\u011bk. Naopak u osob nadan\u00fdch b\u00fdv\u00e1 posunut v\u00fdrazn\u011b dop\u0159edu. Nedovol\u00edm si posuzovat, zda u osob s ADHD je ur\u010dit\u00fd posun tohoto vrcholu, a\u010dkoliv jej neo\u010dek\u00e1v\u00e1m. V p\u0159\u00edpad\u011b samotn\u00e9 schizofrenie a j\u00ed podobn\u00fdch poruch, nemoc\u00ed \u010di jinakost\u00ed neo\u010dek\u00e1v\u00e1m vliv na rozlo\u017een\u00ed uva\u017eovac\u00edho v\u011bku. Jak se r\u016fznov\u011bkkost projevuje? R\u016fznorodost\u00ed ve v\u011bku, pro kter\u00fd je relativn\u011b typick\u00e9 ur\u010dit\u00e9 vn\u00edm\u00e1n\u00ed, uva\u017eov\u00e1n\u00ed a chov\u00e1n\u00ed, a to jak r\u016fznorodost\u00ed v \u010dasov\u00e9m horizontu, tak r\u016fznorodost\u00ed v ur\u010ditou chv\u00edli. V z\u00e1vislosti na schopnostech a dovednostech osoby se omezen\u00e9 m\u00ed\u0159e d\u00e1 zm\u00edrnit projev ur\u010dit\u00fdch v\u011bkov\u00fdch rozsah\u016f v ur\u010ditou chv\u00edli, ale s nutnost\u00ed p\u0159edchoz\u00ed \u010di pozd\u011bj\u0161\u00ed kompenzace. Jej\u00edm v\u00fdrazn\u011b v\u00fdznamn\u011bj\u0161\u00edm projevem u osob na autistick\u00e9m spektru lze zd\u016fvodnit, pro\u010d je u v\u011bt\u0161\u00edho mno\u017estv\u00ed \u00fasp\u011b\u0161n\u00fdch podnikatel\u016f a zejm\u00e9na u v\u011bdc\u016f a vyn\u00e1lezc\u016f \u010dast\u011bj\u0161\u00ed v\u00fdskyt jinakost\u00ed autistick\u00e9ho spektra, a pro\u010d je u nich \u010dasto i p\u0159es \u010dasto velmi v\u00fdznamn\u00fd logick\u00fd a matematick\u00fd intelekt nepochopen\u00ed v\u016f\u010di vrstevn\u00edk\u016fm. Stejn\u011b tak t\u00edm lze zd\u016fvodnit rozd\u00edl mezi osobami nadan\u00fdmi \u010di osobami s ment\u00e1ln\u00ed retardac\u00ed mimo autistick\u00e9 spektrum na stran\u011b jedn\u00e9, a osobami na autistick\u00e9m spektru na stran\u011b druh\u00e9. Grafy text<\/p>\n","protected":false},"author":1,"featured_media":0,"comment_status":"open","ping_status":"open","sticky":false,"template":"","format":"standard","meta":{"zakra_page_container_layout":"customizer","zakra_page_sidebar_layout":"customizer","zakra_remove_content_margin":false,"zakra_sidebar":"customizer","zakra_transparent_header":"customizer","zakra_logo":0,"zakra_main_header_style":"default","zakra_menu_item_color":null,"zakra_menu_item_hover_color":"","zakra_menu_item_active_color":"","zakra_menu_active_style":"","zakra_page_header":true,"_bbp_topic_count":0,"_bbp_reply_count":0,"_bbp_total_topic_count":0,"_bbp_total_reply_count":0,"_bbp_voice_count":0,"_bbp_anonymous_reply_count":0,"_bbp_topic_count_hidden":0,"_bbp_reply_count_hidden":0,"_bbp_forum_subforum_count":0,"_uag_custom_page_level_css":""},"categories":[25],"tags":[40,38,39],"aioseo_notices":[],"jetpack_featured_media_url":"","uagb_featured_image_src":{"full":false,"thumbnail":false,"medium":false,"medium_large":false,"large":false,"1536x1536":false,"2048x2048":false,"qi_addons_for_elementor_image_size_square":false,"qi_addons_for_elementor_image_size_landscape":false,"qi_addons_for_elementor_image_size_portrait":false,"qi_addons_for_elementor_image_size_huge-square":false},"uagb_author_info":{"display_name":"MatyasP - Maty\u00e1\u0161 Pilz","author_link":"https:\/\/na-spektru.matyasp.eu\/index.php\/author\/matys-pilz\/"},"uagb_comment_info":5,"uagb_excerpt":"Tento \u010dl\u00e1nek vych\u00e1z\u00ed tak\u0159ka v\u00fdhradn\u011b z dlouhodob\u00e9ho vn\u00edm\u00e1n\u00ed, pozorov\u00e1n\u00ed a anal\u00fdz autora webu. Nen\u00ed-li uvedeno jinak, informace v n\u011bm uveden\u00e9 nejsou v\u011bdecky ov\u011b\u0159en\u00e9 nebo si autor nen\u00ed v\u011bdom jejich dosavadn\u00edho v\u011bdeck\u00e9ho ov\u011b\u0159en\u00ed. Nejsou zde v\u0161ak u\u017eity dezinformace a teorie vych\u00e1zej\u00edc\u00ed z jednoduch\u00fdch novodob\u00fdch pseudov\u011bdeck\u00fdch discipl\u00edn alternativn\u00ed medic\u00edny apod. D\u00e1le je vhodn\u00e9 upozornit, \u017ee \u010dl\u00e1nek je&hellip;","_links":{"self":[{"href":"https:\/\/na-spektru.matyasp.eu\/index.php\/wp-json\/wp\/v2\/posts\/168"}],"collection":[{"href":"https:\/\/na-spektru.matyasp.eu\/index.php\/wp-json\/wp\/v2\/posts"}],"about":[{"href":"https:\/\/na-spektru.matyasp.eu\/index.php\/wp-json\/wp\/v2\/types\/post"}],"author":[{"embeddable":true,"href":"https:\/\/na-spektru.matyasp.eu\/index.php\/wp-json\/wp\/v2\/users\/1"}],"replies":[{"embeddable":true,"href":"https:\/\/na-spektru.matyasp.eu\/index.php\/wp-json\/wp\/v2\/comments?post=168"}],"version-history":[{"count":8,"href":"https:\/\/na-spektru.matyasp.eu\/index.php\/wp-json\/wp\/v2\/posts\/168\/revisions"}],"predecessor-version":[{"id":182,"href":"https:\/\/na-spektru.matyasp.eu\/index.php\/wp-json\/wp\/v2\/posts\/168\/revisions\/182"}],"wp:attachment":[{"href":"https:\/\/na-spektru.matyasp.eu\/index.php\/wp-json\/wp\/v2\/media?parent=168"}],"wp:term":[{"taxonomy":"category","embeddable":true,"href":"https:\/\/na-spektru.matyasp.eu\/index.php\/wp-json\/wp\/v2\/categories?post=168"},{"taxonomy":"post_tag","embeddable":true,"href":"https:\/\/na-spektru.matyasp.eu\/index.php\/wp-json\/wp\/v2\/tags?post=168"}],"curies":[{"name":"wp","href":"https:\/\/api.w.org\/{rel}","templated":true}]}}